{"id":80,"date":"2016-11-23T13:40:19","date_gmt":"2016-11-23T12:40:19","guid":{"rendered":"http:\/\/www.creative-woodworks.eu\/es\/?p=80"},"modified":"2016-12-09T12:21:34","modified_gmt":"2016-12-09T11:21:34","slug":"cocina-moderna-con-frente-de-cristal-de-diseno","status":"publish","type":"post","link":"https:\/\/www.creative-woodworks.eu\/es\/productos\/cocina-moderna-con-frente-de-cristal-de-diseno\/","title":{"rendered":"Cocina moderna con frente de cristal de dise\u00f1o"},"content":{"rendered":"    <!--[columns]-->\n        <style>\n.bd-layoutcontainer-1916406835  > .bd-container-inner > .container-fluid:after{display:none;}<\/style><style>.bd-layoutcontainer-1916406835 > .bd-container-inner > .container-fluid {padding-left: 0; padding-right: 0;}<\/style>        <style><\/style>        <div class=\" bd-layoutcontainer-1916406835  bd-columns bd-no-margins\">\n            <div class=\"bd-container-inner\">\n                <div class=\"container-fluid\">\n                    <div class=\"row\">\n                        <!--{content}-->\n                                <!--[column]-->\n        <div class=\"col-lg-6 col-md-6 col-sm-6 col-xs-12 bd-columnwrapper-1383657361\">\n            <div class=\"bd-column  bd-layoutcolumn-1383657361 \">\n                <div class=\"bd-vertical-align-wrapper\">\n                    <!--{content}-->\n                        \n\t\t<!-- MasterSlider -->\n\t\t<div id=\"P_MS69f3feea6e6b7\" class=\"master-slider-parent msl ms-parent-id-19\" style=\"max-width:550px;\">\n\n\t\t\t\n\t\t\t<!-- MasterSlider Main -->\n\t\t\t<div id=\"MS69f3feea6e6b7\" class=\"master-slider ms-skin-default\" >\n\t\t\t\t \t\t\t\t \n\t\t\t\t<div  class=\"ms-slide\" data-delay=\"3\" data-fill-mode=\"fill\"  >\n\t\t\t\t\t<img decoding=\"async\" src=\"https:\/\/www.creative-woodworks.eu\/es\/wp-content\/plugins\/master-slider\/public\/assets\/css\/blank.gif\" alt=\"Modern design for the kitchen\" title=\"\" data-src=\"https:\/\/www.creative-woodworks.eu\/es\/wp-content\/uploads\/sites\/2\/2016\/11\/cocina-1.jpg\" \/>\n\n\n\t<img decoding=\"async\" class=\"ms-thumb\" src=\"https:\/\/www.creative-woodworks.eu\/es\/wp-content\/uploads\/sites\/2\/2016\/11\/cocina-1-140x80.jpg\" alt=\"Modern design for the kitchen\" \/>\n\t<div class=\"ms-thumb\" ><div class=\"ms-tab-context\"><div class=&quot;ms-tab-context&quot;><\/div><\/div>\n<\/div>\n\t\t\t\t<\/div>\n\t\t\t\t<div  class=\"ms-slide\" data-delay=\"3\" data-fill-mode=\"fill\"  >\n\t\t\t\t\t<img decoding=\"async\" src=\"https:\/\/www.creative-woodworks.eu\/es\/wp-content\/plugins\/master-slider\/public\/assets\/css\/blank.gif\" alt=\"\" title=\"\" data-src=\"https:\/\/www.creative-woodworks.eu\/es\/wp-content\/uploads\/sites\/2\/2016\/12\/cocina-2.jpg\" \/>\n\n\n\t<img decoding=\"async\" class=\"ms-thumb\" src=\"https:\/\/www.creative-woodworks.eu\/es\/wp-content\/uploads\/sites\/2\/2016\/12\/cocina-2-140x80.jpg\" alt=\"\" \/>\n\t<div class=\"ms-thumb\" ><div class=\"ms-tab-context\"><div class=&quot;ms-tab-context&quot;><\/div><\/div>\n<\/div>\n\t\t\t\t<\/div>\n\t\t\t\t<div  class=\"ms-slide\" data-delay=\"3\" data-fill-mode=\"fill\"  >\n\t\t\t\t\t<img decoding=\"async\" src=\"https:\/\/www.creative-woodworks.eu\/es\/wp-content\/plugins\/master-slider\/public\/assets\/css\/blank.gif\" alt=\"\" title=\"\" data-src=\"https:\/\/www.creative-woodworks.eu\/es\/wp-content\/uploads\/sites\/2\/2016\/12\/cocina-4.jpg\" \/>\n\n\n\t<img decoding=\"async\" class=\"ms-thumb\" src=\"https:\/\/www.creative-woodworks.eu\/es\/wp-content\/uploads\/sites\/2\/2016\/12\/cocina-4-140x80.jpg\" alt=\"\" \/>\n\t<div class=\"ms-thumb\" ><div class=\"ms-tab-context\"><div class=&quot;ms-tab-context&quot;><\/div><\/div>\n<\/div>\n\t\t\t\t<\/div>\n\t\t\t\t<div  class=\"ms-slide\" data-delay=\"3\" data-fill-mode=\"fill\"  >\n\t\t\t\t\t<img decoding=\"async\" src=\"https:\/\/www.creative-woodworks.eu\/es\/wp-content\/plugins\/master-slider\/public\/assets\/css\/blank.gif\" alt=\"\" title=\"\" data-src=\"https:\/\/www.creative-woodworks.eu\/es\/wp-content\/uploads\/sites\/2\/2016\/12\/kueche-1.jpg\" \/>\n\n\n\t<img decoding=\"async\" class=\"ms-thumb\" src=\"https:\/\/www.creative-woodworks.eu\/es\/wp-content\/uploads\/sites\/2\/2016\/12\/kueche-1-140x80.jpg\" alt=\"\" \/>\n\t<div class=\"ms-thumb\" ><div class=\"ms-tab-context\"><div class=&quot;ms-tab-context&quot;><\/div><\/div>\n<\/div>\n\t\t\t\t<\/div>\n\t\t\t\t<div  class=\"ms-slide\" data-delay=\"3\" data-fill-mode=\"fill\"  >\n\t\t\t\t\t<img decoding=\"async\" src=\"https:\/\/www.creative-woodworks.eu\/es\/wp-content\/plugins\/master-slider\/public\/assets\/css\/blank.gif\" alt=\"\" title=\"\" data-src=\"https:\/\/www.creative-woodworks.eu\/es\/wp-content\/uploads\/sites\/2\/2016\/12\/kueche-3.jpg\" \/>\n\n\n\t<img decoding=\"async\" class=\"ms-thumb\" src=\"https:\/\/www.creative-woodworks.eu\/es\/wp-content\/uploads\/sites\/2\/2016\/12\/kueche-3-140x80.jpg\" alt=\"\" \/>\n\t<div class=\"ms-thumb\" ><div class=\"ms-tab-context\"><div class=&quot;ms-tab-context&quot;><\/div><\/div>\n<\/div>\n\t\t\t\t<\/div>\n\t\t\t\t<div  class=\"ms-slide\" data-delay=\"3\" data-fill-mode=\"fill\"  >\n\t\t\t\t\t<img decoding=\"async\" src=\"https:\/\/www.creative-woodworks.eu\/es\/wp-content\/plugins\/master-slider\/public\/assets\/css\/blank.gif\" alt=\"\" title=\"\" data-src=\"https:\/\/www.creative-woodworks.eu\/es\/wp-content\/uploads\/sites\/2\/2016\/12\/kueche-4.jpg\" \/>\n\n\n\t<img decoding=\"async\" class=\"ms-thumb\" src=\"https:\/\/www.creative-woodworks.eu\/es\/wp-content\/uploads\/sites\/2\/2016\/12\/kueche-4-140x80.jpg\" alt=\"\" \/>\n\t<div class=\"ms-thumb\" ><div class=\"ms-tab-context\"><div class=&quot;ms-tab-context&quot;><\/div><\/div>\n<\/div>\n\t\t\t\t<\/div>\n\n\t\t\t<\/div>\n\t\t\t<!-- END MasterSlider Main -->\n\n\t\t\t \n\t\t<\/div>\n\t\t<!-- END MasterSlider -->\n\n\t\t<script>\n\t\t(function ( $ ) {\n\t\t\t\"use strict\";\n\n\t\t\t$(function () {\n\t\t\t\tvar masterslider_e6b7 = new MasterSlider();\n\n\t\t\t\t\/\/ slider controls\n\t\t\t\tmasterslider_e6b7.control('arrows'     ,{ autohide:true, overVideo:true  });\t\t\t\tmasterslider_e6b7.control('bullets'    ,{ autohide:true, overVideo:true, dir:'h', align:'bottom' , margin:10 , hideUnder:1900 });\n\n\t\t\t\tmasterslider_e6b7.control('thumblist'  ,{ autohide:false, overVideo:true, dir:'h', speed:17, inset:false, arrows:false, hover:false, customClass:'', align:'bottom',type:'thumbs', margin:5, width:140, height:80, space:5, fillMode:'fill'  });\n\t\t\t\t\/\/ slider setup\n\t\t\t\tmasterslider_e6b7.setup(\"MS69f3feea6e6b7\", {\n\t\t\t\t\t\twidth           : 558,\n\t\t\t\t\t\theight          : 350,\n\t\t\t\t\t\tminHeight       : 0,\n\t\t\t\t\t\tspace           : 0,\n\t\t\t\t\t\tstart           : 1,\n\t\t\t\t\t\tgrabCursor      : true,\n\t\t\t\t\t\tswipe           : true,\n\t\t\t\t\t\tmouse           : true,\n\t\t\t\t\t\tlayout          : \"boxed\",\n\t\t\t\t\t\twheel           : false,\n\t\t\t\t\t\tautoplay        : true,\n\t\t\t\t\t\tinstantStartLayers:false,\n\t\t\t\t\t\tloop            : false,\n\t\t\t\t\t\tshuffle         : false,\n\t\t\t\t\t\tpreload         : 0,\n\t\t\t\t\t\theightLimit     : true,\n\t\t\t\t\t\tautoHeight      : false,\n\t\t\t\t\t\tsmoothHeight    : true,\n\t\t\t\t\t\tendPause        : false,\n\t\t\t\t\t\toverPause       : true,\n\t\t\t\t\t\tfillMode        : \"fill\",\n\t\t\t\t\t\tcenterControls  : true,\n\t\t\t\t\t\tstartOnAppear   : false,\n\t\t\t\t\t\tlayersMode      : \"center\",\n\t\t\t\t\t\thideLayers      : false,\n\t\t\t\t\t\tfullscreenMargin: 0,\n\t\t\t\t\t\tspeed           : 20,\n\t\t\t\t\t\tdir             : \"h\",\n\t\t\t\t\t\tparallaxMode    : 'swipe',\n\t\t\t\t\t\tview            : \"basic\"\n\t\t\t\t});\n\n\t\t\t\t\n\t\t\t\twindow.masterslider_instances = window.masterslider_instances || [];\n\t\t\t\twindow.masterslider_instances.push( masterslider_e6b7 );\n\t\t\t });\n\n\t\t})(jQuery);\n\t\t<\/script>\n\n                    <!--{\/content}-->\n                <\/div>\n            <\/div>\n        <\/div>\n    <!--[\/column]-->\n\r\n    <!--[column]-->\n        <div class=\"col-lg-6 col-md-6 col-sm-6 col-xs-12 bd-columnwrapper-1537559431\">\n            <div class=\"bd-column  bd-layoutcolumn-1537559431 \">\n                <div class=\"bd-vertical-align-wrapper\">\n                    <!--{content}-->\n                        La cocina se encuentra en el pueblo San Jose en el parque natural del Cabo de Gata, la due\u00f1a de la casa ve el mar desde su cocina, de all\u00ed la idea de hacer partes de la cocina con este tipo de cristal. El dise\u00f1o de la cocina se une con el azul del Mediterr\u00e1neo.<!--more--><br><br>\r\nsuperficie para trabajar, en caso de necesidad. Los tiradores de las puertas en de madera de haya y lacado, coordinan con otros elementos de la cocina.\r\n<br><br>\r\nEl \"caj\u00f3n\" de la parte superior derecha en la zona del fregadero, es una mesa plegable, lo que aumenta mucho la superficie de trabajo si es necesario. La isla de cocina es un recorte circular para el residuo biol\u00f3gico. La cubierta tambi\u00e9n est\u00e1 hecha de cristal.<br><br>\r\nDebajo de la encimera hay un caj\u00f3n para la basura (separaci\u00f3n de residuos). Bajo la superficie de cocci\u00f3n hay un amplio caj\u00f3n, al alcance de la mano, con todos los \"utensilios de cocinar\".                    <!--{\/content}-->\n                <\/div>\n            <\/div>\n        <\/div>\n    <!--[\/column]-->\n                        <!--{\/content}-->\n                    <\/div>\n                <\/div>\n            <\/div>\n        <\/div>\n    <!--[\/columns]-->\n\n<p>La cocina se encuentra en el pueblo San Jose \/ parque natural del Cabo de Gata , la due\u00f1a de la casa ve el mar desde su cocina, de alli la idea, de hacer partes de ella de este tipo de cristal. El dise\u00f1o de la cocina se re\u00fane con el azul del Mediterraneo.<\/p>\n<p>La encimera de la cocina es de granito. La tabla de cortar,encaja perfectamente en la parte peque\u00f1a del fregadero y amplia de esta manera la <\/p>\n","protected":false},"excerpt":{"rendered":"<p>La cocina se encuentra en el pueblo San Jose en el parque natural del Cabo de Gata, la due\u00f1a de la casa ve el mar desde su cocina, de all\u00ed la idea de hacer partes de la cocina con este tipo de cristal. El dise\u00f1o de la cocina se une con el azul del Mediterr\u00e1neo.<\/p>\n","protected":false},"author":1,"featured_media":81,"comment_status":"open","ping_status":"open","sticky":false,"template":"","format":"standard","meta":{"footnotes":""},"categories":[6],"tags":[],"class_list":["post-80","post","type-post","status-publish","format-standard","has-post-thumbnail","hentry","category-productos"],"yoast_head":"<!-- This site is optimized with the Yoast SEO plugin v24.9 - https:\/\/yoast.com\/wordpress\/plugins\/seo\/ -->\n<title>Cocina moderna con frente de cristal de dise\u00f1o | Creative Woodworks<\/title>\n<meta name=\"description\" content=\"se ve el mar desde la cocina, de h\u00ed la idea de incorporar este tipo de cristal. El dise\u00f1o de la cocina se une con el azul del Mediterr\u00e1neo...\" \/>\n<meta name=\"robots\" content=\"index, follow, max-snippet:-1, max-image-preview:large, max-video-preview:-1\" \/>\n<link rel=\"canonical\" href=\"https:\/\/www.creative-woodworks.eu\/es\/productos\/cocina-moderna-con-frente-de-cristal-de-diseno\/\" \/>\n<meta property=\"og:locale\" content=\"es_ES\" \/>\n<meta property=\"og:type\" content=\"article\" \/>\n<meta property=\"og:title\" content=\"Cocina moderna con frente de cristal de dise\u00f1o | Creative Woodworks\" \/>\n<meta property=\"og:description\" content=\"se ve el mar desde la cocina, de h\u00ed la idea de incorporar este tipo de cristal. El dise\u00f1o de la cocina se une con el azul del Mediterr\u00e1neo...\" \/>\n<meta property=\"og:url\" content=\"https:\/\/www.creative-woodworks.eu\/es\/productos\/cocina-moderna-con-frente-de-cristal-de-diseno\/\" \/>\n<meta property=\"og:site_name\" content=\"Creative Woodworks\" \/>\n<meta property=\"article:published_time\" content=\"2016-11-23T12:40:19+00:00\" \/>\n<meta property=\"article:modified_time\" content=\"2016-12-09T11:21:34+00:00\" \/>\n<meta property=\"og:image\" content=\"https:\/\/www.creative-woodworks.eu\/es\/wp-content\/uploads\/sites\/2\/2016\/11\/cocina-1.jpg\" \/>\n\t<meta property=\"og:image:width\" content=\"585\" \/>\n\t<meta property=\"og:image:height\" content=\"350\" \/>\n\t<meta property=\"og:image:type\" content=\"image\/jpeg\" \/>\n<meta name=\"author\" content=\"admin\" \/>\n<meta name=\"twitter:card\" content=\"summary_large_image\" \/>\n<meta name=\"twitter:label1\" content=\"Escrito por\" \/>\n\t<meta name=\"twitter:data1\" content=\"admin\" \/>\n\t<meta name=\"twitter:label2\" content=\"Tiempo de lectura\" \/>\n\t<meta name=\"twitter:data2\" content=\"1 minuto\" \/>\n<script type=\"application\/ld+json\" class=\"yoast-schema-graph\">{\"@context\":\"https:\/\/schema.org\",\"@graph\":[{\"@type\":\"WebPage\",\"@id\":\"https:\/\/www.creative-woodworks.eu\/es\/productos\/cocina-moderna-con-frente-de-cristal-de-diseno\/\",\"url\":\"https:\/\/www.creative-woodworks.eu\/es\/productos\/cocina-moderna-con-frente-de-cristal-de-diseno\/\",\"name\":\"Cocina moderna con frente de cristal de dise\u00f1o | Creative Woodworks\",\"isPartOf\":{\"@id\":\"https:\/\/www.creative-woodworks.eu\/es\/#website\"},\"primaryImageOfPage\":{\"@id\":\"https:\/\/www.creative-woodworks.eu\/es\/productos\/cocina-moderna-con-frente-de-cristal-de-diseno\/#primaryimage\"},\"image\":{\"@id\":\"https:\/\/www.creative-woodworks.eu\/es\/productos\/cocina-moderna-con-frente-de-cristal-de-diseno\/#primaryimage\"},\"thumbnailUrl\":\"https:\/\/www.creative-woodworks.eu\/es\/wp-content\/uploads\/sites\/2\/2016\/11\/cocina-1.jpg\",\"datePublished\":\"2016-11-23T12:40:19+00:00\",\"dateModified\":\"2016-12-09T11:21:34+00:00\",\"author\":{\"@id\":\"https:\/\/www.creative-woodworks.eu\/es\/#\/schema\/person\/d2587d659721ca202476ebd5bfeb24a7\"},\"description\":\"se ve el mar desde la cocina, de h\u00ed la idea de incorporar este tipo de cristal. El dise\u00f1o de la cocina se une con el azul del Mediterr\u00e1neo...\",\"breadcrumb\":{\"@id\":\"https:\/\/www.creative-woodworks.eu\/es\/productos\/cocina-moderna-con-frente-de-cristal-de-diseno\/#breadcrumb\"},\"inLanguage\":\"es\",\"potentialAction\":[{\"@type\":\"ReadAction\",\"target\":[\"https:\/\/www.creative-woodworks.eu\/es\/productos\/cocina-moderna-con-frente-de-cristal-de-diseno\/\"]}]},{\"@type\":\"ImageObject\",\"inLanguage\":\"es\",\"@id\":\"https:\/\/www.creative-woodworks.eu\/es\/productos\/cocina-moderna-con-frente-de-cristal-de-diseno\/#primaryimage\",\"url\":\"https:\/\/www.creative-woodworks.eu\/es\/wp-content\/uploads\/sites\/2\/2016\/11\/cocina-1.jpg\",\"contentUrl\":\"https:\/\/www.creative-woodworks.eu\/es\/wp-content\/uploads\/sites\/2\/2016\/11\/cocina-1.jpg\",\"width\":585,\"height\":350,\"caption\":\"Dise\u00f1o para cocina moderna\"},{\"@type\":\"BreadcrumbList\",\"@id\":\"https:\/\/www.creative-woodworks.eu\/es\/productos\/cocina-moderna-con-frente-de-cristal-de-diseno\/#breadcrumb\",\"itemListElement\":[{\"@type\":\"ListItem\",\"position\":1,\"name\":\"Home\",\"item\":\"https:\/\/www.creative-woodworks.eu\/es\/\"},{\"@type\":\"ListItem\",\"position\":2,\"name\":\"Cocina moderna con frente de cristal de dise\u00f1o\"}]},{\"@type\":\"WebSite\",\"@id\":\"https:\/\/www.creative-woodworks.eu\/es\/#website\",\"url\":\"https:\/\/www.creative-woodworks.eu\/es\/\",\"name\":\"Creative Woodworks\",\"description\":\"Su carpinter\u00eda y ebanister\u00eda en las Alpujarras\",\"potentialAction\":[{\"@type\":\"SearchAction\",\"target\":{\"@type\":\"EntryPoint\",\"urlTemplate\":\"https:\/\/www.creative-woodworks.eu\/es\/?s={search_term_string}\"},\"query-input\":{\"@type\":\"PropertyValueSpecification\",\"valueRequired\":true,\"valueName\":\"search_term_string\"}}],\"inLanguage\":\"es\"},{\"@type\":\"Person\",\"@id\":\"https:\/\/www.creative-woodworks.eu\/es\/#\/schema\/person\/d2587d659721ca202476ebd5bfeb24a7\",\"name\":\"admin\",\"image\":{\"@type\":\"ImageObject\",\"inLanguage\":\"es\",\"@id\":\"https:\/\/www.creative-woodworks.eu\/es\/#\/schema\/person\/image\/\",\"url\":\"https:\/\/secure.gravatar.com\/avatar\/b4b53023f0279c7b5d32b6695b67fd6144e71e8c12674611ba97d4a3fca51be5?s=96&d=mm&r=g\",\"contentUrl\":\"https:\/\/secure.gravatar.com\/avatar\/b4b53023f0279c7b5d32b6695b67fd6144e71e8c12674611ba97d4a3fca51be5?s=96&d=mm&r=g\",\"caption\":\"admin\"}}]}<\/script>\n<!-- \/ Yoast SEO plugin. -->","yoast_head_json":{"title":"Cocina moderna con frente de cristal de dise\u00f1o | Creative Woodworks","description":"se ve el mar desde la cocina, de h\u00ed la idea de incorporar este tipo de cristal. El dise\u00f1o de la cocina se une con el azul del Mediterr\u00e1neo...","robots":{"index":"index","follow":"follow","max-snippet":"max-snippet:-1","max-image-preview":"max-image-preview:large","max-video-preview":"max-video-preview:-1"},"canonical":"https:\/\/www.creative-woodworks.eu\/es\/productos\/cocina-moderna-con-frente-de-cristal-de-diseno\/","og_locale":"es_ES","og_type":"article","og_title":"Cocina moderna con frente de cristal de dise\u00f1o | Creative Woodworks","og_description":"se ve el mar desde la cocina, de h\u00ed la idea de incorporar este tipo de cristal. El dise\u00f1o de la cocina se une con el azul del Mediterr\u00e1neo...","og_url":"https:\/\/www.creative-woodworks.eu\/es\/productos\/cocina-moderna-con-frente-de-cristal-de-diseno\/","og_site_name":"Creative Woodworks","article_published_time":"2016-11-23T12:40:19+00:00","article_modified_time":"2016-12-09T11:21:34+00:00","og_image":[{"width":585,"height":350,"url":"https:\/\/www.creative-woodworks.eu\/es\/wp-content\/uploads\/sites\/2\/2016\/11\/cocina-1.jpg","type":"image\/jpeg"}],"author":"admin","twitter_card":"summary_large_image","twitter_misc":{"Escrito por":"admin","Tiempo de lectura":"1 minuto"},"schema":{"@context":"https:\/\/schema.org","@graph":[{"@type":"WebPage","@id":"https:\/\/www.creative-woodworks.eu\/es\/productos\/cocina-moderna-con-frente-de-cristal-de-diseno\/","url":"https:\/\/www.creative-woodworks.eu\/es\/productos\/cocina-moderna-con-frente-de-cristal-de-diseno\/","name":"Cocina moderna con frente de cristal de dise\u00f1o | Creative Woodworks","isPartOf":{"@id":"https:\/\/www.creative-woodworks.eu\/es\/#website"},"primaryImageOfPage":{"@id":"https:\/\/www.creative-woodworks.eu\/es\/productos\/cocina-moderna-con-frente-de-cristal-de-diseno\/#primaryimage"},"image":{"@id":"https:\/\/www.creative-woodworks.eu\/es\/productos\/cocina-moderna-con-frente-de-cristal-de-diseno\/#primaryimage"},"thumbnailUrl":"https:\/\/www.creative-woodworks.eu\/es\/wp-content\/uploads\/sites\/2\/2016\/11\/cocina-1.jpg","datePublished":"2016-11-23T12:40:19+00:00","dateModified":"2016-12-09T11:21:34+00:00","author":{"@id":"https:\/\/www.creative-woodworks.eu\/es\/#\/schema\/person\/d2587d659721ca202476ebd5bfeb24a7"},"description":"se ve el mar desde la cocina, de h\u00ed la idea de incorporar este tipo de cristal. El dise\u00f1o de la cocina se une con el azul del Mediterr\u00e1neo...","breadcrumb":{"@id":"https:\/\/www.creative-woodworks.eu\/es\/productos\/cocina-moderna-con-frente-de-cristal-de-diseno\/#breadcrumb"},"inLanguage":"es","potentialAction":[{"@type":"ReadAction","target":["https:\/\/www.creative-woodworks.eu\/es\/productos\/cocina-moderna-con-frente-de-cristal-de-diseno\/"]}]},{"@type":"ImageObject","inLanguage":"es","@id":"https:\/\/www.creative-woodworks.eu\/es\/productos\/cocina-moderna-con-frente-de-cristal-de-diseno\/#primaryimage","url":"https:\/\/www.creative-woodworks.eu\/es\/wp-content\/uploads\/sites\/2\/2016\/11\/cocina-1.jpg","contentUrl":"https:\/\/www.creative-woodworks.eu\/es\/wp-content\/uploads\/sites\/2\/2016\/11\/cocina-1.jpg","width":585,"height":350,"caption":"Dise\u00f1o para cocina moderna"},{"@type":"BreadcrumbList","@id":"https:\/\/www.creative-woodworks.eu\/es\/productos\/cocina-moderna-con-frente-de-cristal-de-diseno\/#breadcrumb","itemListElement":[{"@type":"ListItem","position":1,"name":"Home","item":"https:\/\/www.creative-woodworks.eu\/es\/"},{"@type":"ListItem","position":2,"name":"Cocina moderna con frente de cristal de dise\u00f1o"}]},{"@type":"WebSite","@id":"https:\/\/www.creative-woodworks.eu\/es\/#website","url":"https:\/\/www.creative-woodworks.eu\/es\/","name":"Creative Woodworks","description":"Su carpinter\u00eda y ebanister\u00eda en las Alpujarras","potentialAction":[{"@type":"SearchAction","target":{"@type":"EntryPoint","urlTemplate":"https:\/\/www.creative-woodworks.eu\/es\/?s={search_term_string}"},"query-input":{"@type":"PropertyValueSpecification","valueRequired":true,"valueName":"search_term_string"}}],"inLanguage":"es"},{"@type":"Person","@id":"https:\/\/www.creative-woodworks.eu\/es\/#\/schema\/person\/d2587d659721ca202476ebd5bfeb24a7","name":"admin","image":{"@type":"ImageObject","inLanguage":"es","@id":"https:\/\/www.creative-woodworks.eu\/es\/#\/schema\/person\/image\/","url":"https:\/\/secure.gravatar.com\/avatar\/b4b53023f0279c7b5d32b6695b67fd6144e71e8c12674611ba97d4a3fca51be5?s=96&d=mm&r=g","contentUrl":"https:\/\/secure.gravatar.com\/avatar\/b4b53023f0279c7b5d32b6695b67fd6144e71e8c12674611ba97d4a3fca51be5?s=96&d=mm&r=g","caption":"admin"}}]}},"_links":{"self":[{"href":"https:\/\/www.creative-woodworks.eu\/es\/wp-json\/wp\/v2\/posts\/80","targetHints":{"allow":["GET"]}}],"collection":[{"href":"https:\/\/www.creative-woodworks.eu\/es\/wp-json\/wp\/v2\/posts"}],"about":[{"href":"https:\/\/www.creative-woodworks.eu\/es\/wp-json\/wp\/v2\/types\/post"}],"author":[{"embeddable":true,"href":"https:\/\/www.creative-woodworks.eu\/es\/wp-json\/wp\/v2\/users\/1"}],"replies":[{"embeddable":true,"href":"https:\/\/www.creative-woodworks.eu\/es\/wp-json\/wp\/v2\/comments?post=80"}],"version-history":[{"count":1,"href":"https:\/\/www.creative-woodworks.eu\/es\/wp-json\/wp\/v2\/posts\/80\/revisions"}],"predecessor-version":[{"id":248,"href":"https:\/\/www.creative-woodworks.eu\/es\/wp-json\/wp\/v2\/posts\/80\/revisions\/248"}],"wp:featuredmedia":[{"embeddable":true,"href":"https:\/\/www.creative-woodworks.eu\/es\/wp-json\/wp\/v2\/media\/81"}],"wp:attachment":[{"href":"https:\/\/www.creative-woodworks.eu\/es\/wp-json\/wp\/v2\/media?parent=80"}],"wp:term":[{"taxonomy":"category","embeddable":true,"href":"https:\/\/www.creative-woodworks.eu\/es\/wp-json\/wp\/v2\/categories?post=80"},{"taxonomy":"post_tag","embeddable":true,"href":"https:\/\/www.creative-woodworks.eu\/es\/wp-json\/wp\/v2\/tags?post=80"}],"curies":[{"name":"wp","href":"https:\/\/api.w.org\/{rel}","templated":true}]}}